{"id":55884,"date":"2022-02-10T11:24:00","date_gmt":"2022-02-10T10:24:00","guid":{"rendered":"https:\/\/drgonzalezcantero.com\/what-matters-is-health-rafa-nadal\/"},"modified":"2026-09-01T13:16:40","modified_gmt":"2026-09-01T11:16:40","slug":"what-matters-is-health-rafa-nadal","status":"publish","type":"post","link":"https:\/\/drgonzalezcantero.com\/en\/what-matters-is-health-rafa-nadal\/","title":{"rendered":"What matters is health, with Rafa Nadal"},"content":{"rendered":"\n<p class=\"wp-block-paragraph\">I took part in a meeting with a panel of experts and Cantabria Labs ambassador Rafa Nadal at the indoor court of the Rafa Nadal Academy by Movistar, where we discussed the importance of taking a comprehensive approach to health.<\/p>\n\n<p class=\"wp-block-paragraph\">Alongside Rafa Nadal, I had the opportunity to learn, exchange ideas and share advice and information with Juan Matji, President of Cantabria Labs; Susana Rodr\u00edguez Navarro, CEO and Managing Director of Cantabria Labs; Mario Alonso Puig, surgeon and author; Melchor \u00c1lvarez de Mon, Professor of Medicine and Head of the Internal Medicine Department at Hospital Universitario Pr\u00edncipe de Asturias in Madrid; and \u00c1ngel Ruiz-Cotorro, specialist in Sports Medicine and Traumatology.<\/p>\n\n<p class=\"wp-block-paragraph\">In this excerpt from the video, we discuss the importance of looking after skin health:<\/p>\n\n<figure class=\"wp-block-embed is-type-video is-provider-youtube wp-block-embed-youtube wp-embed-aspect-16-9 wp-has-aspect-ratio\"><div class=\"wp-block-embed__wrapper\">\n<iframe title=\"Lo importante, la salud: encuentro con Rafa Nadal y un elenco de expertos\" width=\"1080\" height=\"608\" src=\"https:\/\/www.youtube.com\/embed\/_Nebxm1698c?feature=oembed\"  allow=\"accelerometer; autoplay; clipboard-write; encrypted-media; gyroscope; picture-in-picture; web-share\" referrerpolicy=\"strict-origin-when-cross-origin\" allowfullscreen><\/iframe>\n<\/div><\/figure>\n\n<p class=\"wp-block-paragraph\">To watch the full event: <a href=\"https:\/\/www.youtube.com\/watch?v=AwgaXRAzZCo\" target=\"_blank\" rel=\"noreferrer noopener\">click here<\/a>.<\/p>\n","protected":false},"excerpt":{"rendered":"<p>A meeting with experts and Cantabria Labs ambassador Rafa Nadal to discuss a comprehensive approach to health and wellbeing. <\/p>\n","protected":false},"author":2,"featured_media":55883,"comment_status":"closed","ping_status":"closed","sticky":false,"template":"","format":"standard","meta":{"inline_featured_image":false,"footnotes":""},"categories":[58],"tags":[],"class_list":["post-55884","post","type-post","status-publish","format-standard","has-post-thumbnail","hentry","category-events"],"yoast_head":"<!-- This site is optimized with the Yoast SEO Premium plugin v28.3 (Yoast SEO v28.3) - https:\/\/yoast.com\/product\/yoast-seo-premium-wordpress\/ -->\n<title>What matters is health, with Rafa Nadal<\/title>\n<meta name=\"description\" content=\"A meeting with experts and Cantabria Labs ambassador Rafa Nadal to discuss a comprehensive approach to health and wellbeing.\" \/>\n<meta name=\"robots\" content=\"index, follow, max-snippet:-1, max-image-preview:large, max-video-preview:-1\" \/>\n<link rel=\"canonical\" href=\"https:\/\/drgonzalezcantero.com\/en\/what-matters-is-health-rafa-nadal\/\" \/>\n<meta property=\"og:locale\" content=\"en_US\" \/>\n<meta property=\"og:type\" content=\"article\" \/>\n<meta property=\"og:title\" content=\"What matters is health, with Rafa Nadal\" \/>\n<meta property=\"og:description\" content=\"A meeting with experts and Cantabria Labs ambassador Rafa Nadal to discuss a comprehensive approach to health and wellbeing.\" \/>\n<meta property=\"og:url\" content=\"https:\/\/drgonzalezcantero.com\/en\/what-matters-is-health-rafa-nadal\/\" \/>\n<meta property=\"og:site_name\" content=\"Dermat\u00f3logo especialista en Psoriasis | Dr. Gonz\u00e1lez Cantero\" \/>\n<meta property=\"article:published_time\" content=\"2022-02-10T10:24:00+00:00\" \/>\n<meta property=\"article:modified_time\" content=\"2026-09-01T11:16:40+00:00\" \/>\n<meta property=\"og:image\" content=\"https:\/\/drgonzalezcantero.com\/wp-content\/uploads\/2022\/04\/salud-rafa-nadal-1.jpg\" \/>\n\t<meta property=\"og:image:width\" content=\"800\" \/>\n\t<meta property=\"og:image:height\" content=\"450\" \/>\n\t<meta property=\"og:image:type\" content=\"image\/jpeg\" \/>\n<meta name=\"author\" content=\"Dr. \u00c1lvaro Gonz\u00e1lez Cantero\" \/>\n<meta name=\"twitter:card\" content=\"summary_large_image\" \/>\n<meta name=\"twitter:label1\" content=\"Written by\" \/>\n\t<meta name=\"twitter:data1\" content=\"Dr. \u00c1lvaro Gonz\u00e1lez Cantero\" \/>\n\t<meta name=\"twitter:label2\" content=\"Est. reading time\" \/>\n\t<meta name=\"twitter:data2\" content=\"1 minute\" \/>\n<script type=\"application\/ld+json\" class=\"yoast-schema-graph\">{\"@context\":\"https:\\\/\\\/schema.org\",\"@graph\":[{\"@type\":\"Article\",\"@id\":\"https:\\\/\\\/drgonzalezcantero.com\\\/en\\\/what-matters-is-health-rafa-nadal\\\/#article\",\"isPartOf\":{\"@id\":\"https:\\\/\\\/drgonzalezcantero.com\\\/en\\\/what-matters-is-health-rafa-nadal\\\/\"},\"author\":{\"name\":\"Dr. \u00c1lvaro Gonz\u00e1lez Cantero\",\"@id\":\"https:\\\/\\\/drgonzalezcantero.com\\\/en\\\/#\\\/schema\\\/person\\\/5f7e07c0a0237799b70664931311954d\"},\"headline\":\"What matters is health, with Rafa Nadal\",\"datePublished\":\"2022-02-10T10:24:00+00:00\",\"dateModified\":\"2026-09-01T11:16:40+00:00\",\"mainEntityOfPage\":{\"@id\":\"https:\\\/\\\/drgonzalezcantero.com\\\/en\\\/what-matters-is-health-rafa-nadal\\\/\"},\"wordCount\":149,\"publisher\":{\"@id\":\"https:\\\/\\\/drgonzalezcantero.com\\\/en\\\/#organization\"},\"image\":{\"@id\":\"https:\\\/\\\/drgonzalezcantero.com\\\/en\\\/what-matters-is-health-rafa-nadal\\\/#primaryimage\"},\"thumbnailUrl\":\"https:\\\/\\\/drgonzalezcantero.com\\\/wp-content\\\/uploads\\\/2022\\\/04\\\/salud-rafa-nadal-1.jpg\",\"articleSection\":[\"Events\"],\"inLanguage\":\"en-US\"},{\"@type\":\"WebPage\",\"@id\":\"https:\\\/\\\/drgonzalezcantero.com\\\/en\\\/what-matters-is-health-rafa-nadal\\\/\",\"url\":\"https:\\\/\\\/drgonzalezcantero.com\\\/en\\\/what-matters-is-health-rafa-nadal\\\/\",\"name\":\"What matters is health, with Rafa Nadal\",\"isPartOf\":{\"@id\":\"https:\\\/\\\/drgonzalezcantero.com\\\/en\\\/#website\"},\"primaryImageOfPage\":{\"@id\":\"https:\\\/\\\/drgonzalezcantero.com\\\/en\\\/what-matters-is-health-rafa-nadal\\\/#primaryimage\"},\"image\":{\"@id\":\"https:\\\/\\\/drgonzalezcantero.com\\\/en\\\/what-matters-is-health-rafa-nadal\\\/#primaryimage\"},\"thumbnailUrl\":\"https:\\\/\\\/drgonzalezcantero.com\\\/wp-content\\\/uploads\\\/2022\\\/04\\\/salud-rafa-nadal-1.jpg\",\"datePublished\":\"2022-02-10T10:24:00+00:00\",\"dateModified\":\"2026-09-01T11:16:40+00:00\",\"description\":\"A meeting with experts and Cantabria Labs ambassador Rafa Nadal to discuss a comprehensive approach to health and wellbeing.\",\"breadcrumb\":{\"@id\":\"https:\\\/\\\/drgonzalezcantero.com\\\/en\\\/what-matters-is-health-rafa-nadal\\\/#breadcrumb\"},\"inLanguage\":\"en-US\",\"potentialAction\":[{\"@type\":\"ReadAction\",\"target\":[\"https:\\\/\\\/drgonzalezcantero.com\\\/en\\\/what-matters-is-health-rafa-nadal\\\/\"]}]},{\"@type\":\"ImageObject\",\"inLanguage\":\"en-US\",\"@id\":\"https:\\\/\\\/drgonzalezcantero.com\\\/en\\\/what-matters-is-health-rafa-nadal\\\/#primaryimage\",\"url\":\"https:\\\/\\\/drgonzalezcantero.com\\\/wp-content\\\/uploads\\\/2022\\\/04\\\/salud-rafa-nadal-1.jpg\",\"contentUrl\":\"https:\\\/\\\/drgonzalezcantero.com\\\/wp-content\\\/uploads\\\/2022\\\/04\\\/salud-rafa-nadal-1.jpg\",\"width\":800,\"height\":450,\"caption\":\"What matters is health, with Rafa Nadal\"},{\"@type\":\"BreadcrumbList\",\"@id\":\"https:\\\/\\\/drgonzalezcantero.com\\\/en\\\/what-matters-is-health-rafa-nadal\\\/#breadcrumb\",\"itemListElement\":[{\"@type\":\"ListItem\",\"position\":1,\"name\":\"Portada\",\"item\":\"https:\\\/\\\/drgonzalezcantero.com\\\/en\\\/\"},{\"@type\":\"ListItem\",\"position\":2,\"name\":\"What matters is health, with Rafa Nadal\"}]},{\"@type\":\"WebSite\",\"@id\":\"https:\\\/\\\/drgonzalezcantero.com\\\/en\\\/#website\",\"url\":\"https:\\\/\\\/drgonzalezcantero.com\\\/en\\\/\",\"name\":\"Dermat\u00f3logo especialista en Psoriasis | Dr. Gonz\u00e1lez Cantero\",\"description\":\"El Dr. Gonz\u00e1lez Cantero es dermat\u00f3logo especialista en psoriasis y otras enfermedades inflamatorias de la piel en el Grupo Pedro Ja\u00e9n.\",\"publisher\":{\"@id\":\"https:\\\/\\\/drgonzalezcantero.com\\\/en\\\/#organization\"},\"alternateName\":\"Dr. \u00c1lvaro Gonz\u00e1lez Cantero\",\"potentialAction\":[{\"@type\":\"SearchAction\",\"target\":{\"@type\":\"EntryPoint\",\"urlTemplate\":\"https:\\\/\\\/drgonzalezcantero.com\\\/en\\\/?s={search_term_string}\"},\"query-input\":{\"@type\":\"PropertyValueSpecification\",\"valueRequired\":true,\"valueName\":\"search_term_string\"}}],\"inLanguage\":\"en-US\"},{\"@type\":[\"Organization\",\"Place\",\"Dermatology\"],\"@id\":\"https:\\\/\\\/drgonzalezcantero.com\\\/en\\\/#organization\",\"name\":\"Dr. Gonz\u00e1lez Cantero | Dermat\u00f3logo especialista psoriasis | Madrid\",\"alternateName\":\"Dr. \u00c1lvaro Gonz\u00e1lez Cantero\",\"url\":\"https:\\\/\\\/drgonzalezcantero.com\\\/en\\\/\",\"logo\":{\"@id\":\"https:\\\/\\\/drgonzalezcantero.com\\\/en\\\/what-matters-is-health-rafa-nadal\\\/#local-main-organization-logo\"},\"image\":{\"@id\":\"https:\\\/\\\/drgonzalezcantero.com\\\/en\\\/what-matters-is-health-rafa-nadal\\\/#local-main-organization-logo\"},\"address\":{\"@id\":\"https:\\\/\\\/drgonzalezcantero.com\\\/en\\\/what-matters-is-health-rafa-nadal\\\/#local-main-place-address\"},\"geo\":{\"@type\":\"GeoCoordinates\",\"latitude\":\"40.4491577\",\"longitude\":\"-3.6799542\"},\"telephone\":[\"914317861\"],\"openingHoursSpecification\":[{\"@type\":\"OpeningHoursSpecification\",\"dayOfWeek\":[\"Monday\",\"Tuesday\",\"Wednesday\",\"Thursday\",\"Friday\"],\"opens\":\"09:00\",\"closes\":\"21:00\"},{\"@type\":\"OpeningHoursSpecification\",\"dayOfWeek\":[\"Saturday\",\"Sunday\"],\"opens\":\"00:00\",\"closes\":\"00:00\"}],\"email\":\"info@drgonzalezcantero.com\"},{\"@type\":\"Person\",\"@id\":\"https:\\\/\\\/drgonzalezcantero.com\\\/en\\\/#\\\/schema\\\/person\\\/5f7e07c0a0237799b70664931311954d\",\"name\":\"Dr. \u00c1lvaro Gonz\u00e1lez Cantero\"},{\"@type\":\"PostalAddress\",\"@id\":\"https:\\\/\\\/drgonzalezcantero.com\\\/en\\\/what-matters-is-health-rafa-nadal\\\/#local-main-place-address\",\"streetAddress\":\"Calle de Serrano, 143, Grupo Pedro Ja\u00e9n\",\"addressLocality\":\"Madrid\",\"postalCode\":\"28006\",\"addressCountry\":\"ES\"},{\"@type\":\"ImageObject\",\"inLanguage\":\"en-US\",\"@id\":\"https:\\\/\\\/drgonzalezcantero.com\\\/en\\\/what-matters-is-health-rafa-nadal\\\/#local-main-organization-logo\",\"url\":\"https:\\\/\\\/drgonzalezcantero.com\\\/wp-content\\\/uploads\\\/2020\\\/12\\\/cropped-fav-gonzalez-cantero-1.png\",\"contentUrl\":\"https:\\\/\\\/drgonzalezcantero.com\\\/wp-content\\\/uploads\\\/2020\\\/12\\\/cropped-fav-gonzalez-cantero-1.png\",\"width\":512,\"height\":512,\"caption\":\"Dr. Gonz\u00e1lez Cantero | Dermat\u00f3logo especialista psoriasis | Madrid\"}]}<\/script>\n<meta name=\"geo.placename\" content=\"Madrid\" \/>\n<meta name=\"geo.position\" content=\"40.4491577;-3.6799542\" \/>\n<meta name=\"geo.region\" content=\"Spain\" \/>\n<!-- \/ Yoast SEO Premium plugin. -->","yoast_head_json":{"title":"What matters is health, with Rafa Nadal","description":"A meeting with experts and Cantabria Labs ambassador Rafa Nadal to discuss a comprehensive approach to health and wellbeing.","robots":{"index":"index","follow":"follow","max-snippet":"max-snippet:-1","max-image-preview":"max-image-preview:large","max-video-preview":"max-video-preview:-1"},"canonical":"https:\/\/drgonzalezcantero.com\/en\/what-matters-is-health-rafa-nadal\/","og_locale":"en_US","og_type":"article","og_title":"What matters is health, with Rafa Nadal","og_description":"A meeting with experts and Cantabria Labs ambassador Rafa Nadal to discuss a comprehensive approach to health and wellbeing.","og_url":"https:\/\/drgonzalezcantero.com\/en\/what-matters-is-health-rafa-nadal\/","og_site_name":"Dermat\u00f3logo especialista en Psoriasis | Dr. Gonz\u00e1lez Cantero","article_published_time":"2022-02-10T10:24:00+00:00","article_modified_time":"2026-09-01T11:16:40+00:00","og_image":[{"width":800,"height":450,"url":"https:\/\/drgonzalezcantero.com\/wp-content\/uploads\/2022\/04\/salud-rafa-nadal-1.jpg","type":"image\/jpeg"}],"author":"Dr. \u00c1lvaro Gonz\u00e1lez Cantero","twitter_card":"summary_large_image","twitter_misc":{"Written by":"Dr. \u00c1lvaro Gonz\u00e1lez Cantero","Est. reading time":"1 minute"},"schema":{"@context":"https:\/\/schema.org","@graph":[{"@type":"Article","@id":"https:\/\/drgonzalezcantero.com\/en\/what-matters-is-health-rafa-nadal\/#article","isPartOf":{"@id":"https:\/\/drgonzalezcantero.com\/en\/what-matters-is-health-rafa-nadal\/"},"author":{"name":"Dr. \u00c1lvaro Gonz\u00e1lez Cantero","@id":"https:\/\/drgonzalezcantero.com\/en\/#\/schema\/person\/5f7e07c0a0237799b70664931311954d"},"headline":"What matters is health, with Rafa Nadal","datePublished":"2022-02-10T10:24:00+00:00","dateModified":"2026-09-01T11:16:40+00:00","mainEntityOfPage":{"@id":"https:\/\/drgonzalezcantero.com\/en\/what-matters-is-health-rafa-nadal\/"},"wordCount":149,"publisher":{"@id":"https:\/\/drgonzalezcantero.com\/en\/#organization"},"image":{"@id":"https:\/\/drgonzalezcantero.com\/en\/what-matters-is-health-rafa-nadal\/#primaryimage"},"thumbnailUrl":"https:\/\/drgonzalezcantero.com\/wp-content\/uploads\/2022\/04\/salud-rafa-nadal-1.jpg","articleSection":["Events"],"inLanguage":"en-US"},{"@type":"WebPage","@id":"https:\/\/drgonzalezcantero.com\/en\/what-matters-is-health-rafa-nadal\/","url":"https:\/\/drgonzalezcantero.com\/en\/what-matters-is-health-rafa-nadal\/","name":"What matters is health, with Rafa Nadal","isPartOf":{"@id":"https:\/\/drgonzalezcantero.com\/en\/#website"},"primaryImageOfPage":{"@id":"https:\/\/drgonzalezcantero.com\/en\/what-matters-is-health-rafa-nadal\/#primaryimage"},"image":{"@id":"https:\/\/drgonzalezcantero.com\/en\/what-matters-is-health-rafa-nadal\/#primaryimage"},"thumbnailUrl":"https:\/\/drgonzalezcantero.com\/wp-content\/uploads\/2022\/04\/salud-rafa-nadal-1.jpg","datePublished":"2022-02-10T10:24:00+00:00","dateModified":"2026-09-01T11:16:40+00:00","description":"A meeting with experts and Cantabria Labs ambassador Rafa Nadal to discuss a comprehensive approach to health and wellbeing.","breadcrumb":{"@id":"https:\/\/drgonzalezcantero.com\/en\/what-matters-is-health-rafa-nadal\/#breadcrumb"},"inLanguage":"en-US","potentialAction":[{"@type":"ReadAction","target":["https:\/\/drgonzalezcantero.com\/en\/what-matters-is-health-rafa-nadal\/"]}]},{"@type":"ImageObject","inLanguage":"en-US","@id":"https:\/\/drgonzalezcantero.com\/en\/what-matters-is-health-rafa-nadal\/#primaryimage","url":"https:\/\/drgonzalezcantero.com\/wp-content\/uploads\/2022\/04\/salud-rafa-nadal-1.jpg","contentUrl":"https:\/\/drgonzalezcantero.com\/wp-content\/uploads\/2022\/04\/salud-rafa-nadal-1.jpg","width":800,"height":450,"caption":"What matters is health, with Rafa Nadal"},{"@type":"BreadcrumbList","@id":"https:\/\/drgonzalezcantero.com\/en\/what-matters-is-health-rafa-nadal\/#breadcrumb","itemListElement":[{"@type":"ListItem","position":1,"name":"Portada","item":"https:\/\/drgonzalezcantero.com\/en\/"},{"@type":"ListItem","position":2,"name":"What matters is health, with Rafa Nadal"}]},{"@type":"WebSite","@id":"https:\/\/drgonzalezcantero.com\/en\/#website","url":"https:\/\/drgonzalezcantero.com\/en\/","name":"Dermat\u00f3logo especialista en Psoriasis | Dr. Gonz\u00e1lez Cantero","description":"El Dr. Gonz\u00e1lez Cantero es dermat\u00f3logo especialista en psoriasis y otras enfermedades inflamatorias de la piel en el Grupo Pedro Ja\u00e9n.","publisher":{"@id":"https:\/\/drgonzalezcantero.com\/en\/#organization"},"alternateName":"Dr. \u00c1lvaro Gonz\u00e1lez Cantero","potentialAction":[{"@type":"SearchAction","target":{"@type":"EntryPoint","urlTemplate":"https:\/\/drgonzalezcantero.com\/en\/?s={search_term_string}"},"query-input":{"@type":"PropertyValueSpecification","valueRequired":true,"valueName":"search_term_string"}}],"inLanguage":"en-US"},{"@type":["Organization","Place","Dermatology"],"@id":"https:\/\/drgonzalezcantero.com\/en\/#organization","name":"Dr. Gonz\u00e1lez Cantero | Dermat\u00f3logo especialista psoriasis | Madrid","alternateName":"Dr. \u00c1lvaro Gonz\u00e1lez Cantero","url":"https:\/\/drgonzalezcantero.com\/en\/","logo":{"@id":"https:\/\/drgonzalezcantero.com\/en\/what-matters-is-health-rafa-nadal\/#local-main-organization-logo"},"image":{"@id":"https:\/\/drgonzalezcantero.com\/en\/what-matters-is-health-rafa-nadal\/#local-main-organization-logo"},"address":{"@id":"https:\/\/drgonzalezcantero.com\/en\/what-matters-is-health-rafa-nadal\/#local-main-place-address"},"geo":{"@type":"GeoCoordinates","latitude":"40.4491577","longitude":"-3.6799542"},"telephone":["914317861"],"openingHoursSpecification":[{"@type":"OpeningHoursSpecification","dayOfWeek":["Monday","Tuesday","Wednesday","Thursday","Friday"],"opens":"09:00","closes":"21:00"},{"@type":"OpeningHoursSpecification","dayOfWeek":["Saturday","Sunday"],"opens":"00:00","closes":"00:00"}],"email":"info@drgonzalezcantero.com"},{"@type":"Person","@id":"https:\/\/drgonzalezcantero.com\/en\/#\/schema\/person\/5f7e07c0a0237799b70664931311954d","name":"Dr. \u00c1lvaro Gonz\u00e1lez Cantero"},{"@type":"PostalAddress","@id":"https:\/\/drgonzalezcantero.com\/en\/what-matters-is-health-rafa-nadal\/#local-main-place-address","streetAddress":"Calle de Serrano, 143, Grupo Pedro Ja\u00e9n","addressLocality":"Madrid","postalCode":"28006","addressCountry":"ES"},{"@type":"ImageObject","inLanguage":"en-US","@id":"https:\/\/drgonzalezcantero.com\/en\/what-matters-is-health-rafa-nadal\/#local-main-organization-logo","url":"https:\/\/drgonzalezcantero.com\/wp-content\/uploads\/2020\/12\/cropped-fav-gonzalez-cantero-1.png","contentUrl":"https:\/\/drgonzalezcantero.com\/wp-content\/uploads\/2020\/12\/cropped-fav-gonzalez-cantero-1.png","width":512,"height":512,"caption":"Dr. Gonz\u00e1lez Cantero | Dermat\u00f3logo especialista psoriasis | Madrid"}]},"geo.placename":"Madrid","geo.position":{"lat":"40.4491577","long":"-3.6799542"},"geo.region":"Spain"},"_links":{"self":[{"href":"https:\/\/drgonzalezcantero.com\/en\/wp-json\/wp\/v2\/posts\/55884","targetHints":{"allow":["GET"]}}],"collection":[{"href":"https:\/\/drgonzalezcantero.com\/en\/wp-json\/wp\/v2\/posts"}],"about":[{"href":"https:\/\/drgonzalezcantero.com\/en\/wp-json\/wp\/v2\/types\/post"}],"author":[{"embeddable":true,"href":"https:\/\/drgonzalezcantero.com\/en\/wp-json\/wp\/v2\/users\/2"}],"replies":[{"embeddable":true,"href":"https:\/\/drgonzalezcantero.com\/en\/wp-json\/wp\/v2\/comments?post=55884"}],"version-history":[{"count":1,"href":"https:\/\/drgonzalezcantero.com\/en\/wp-json\/wp\/v2\/posts\/55884\/revisions"}],"predecessor-version":[{"id":55885,"href":"https:\/\/drgonzalezcantero.com\/en\/wp-json\/wp\/v2\/posts\/55884\/revisions\/55885"}],"wp:featuredmedia":[{"embeddable":true,"href":"https:\/\/drgonzalezcantero.com\/en\/wp-json\/wp\/v2\/media\/55883"}],"wp:attachment":[{"href":"https:\/\/drgonzalezcantero.com\/en\/wp-json\/wp\/v2\/media?parent=55884"}],"wp:term":[{"taxonomy":"category","embeddable":true,"href":"https:\/\/drgonzalezcantero.com\/en\/wp-json\/wp\/v2\/categories?post=55884"},{"taxonomy":"post_tag","embeddable":true,"href":"https:\/\/drgonzalezcantero.com\/en\/wp-json\/wp\/v2\/tags?post=55884"}],"curies":[{"name":"wp","href":"https:\/\/api.w.org\/{rel}","templated":true}]}}