{"id":55918,"date":"2024-07-25T12:15:24","date_gmt":"2024-07-25T10:15:24","guid":{"rendered":"https:\/\/drgonzalezcantero.com\/la-razon-lorena-van-heerde-psoriasis-2024\/"},"modified":"2026-09-02T11:44:07","modified_gmt":"2026-09-02T09:44:07","slug":"la-razon-lorena-van-heerde-psoriasis-2024","status":"publish","type":"post","link":"https:\/\/drgonzalezcantero.com\/en\/la-razon-lorena-van-heerde-psoriasis-2024\/","title":{"rendered":"Treating Lorena Van Heerde\u2019s psoriasis"},"content":{"rendered":"\n<p class=\"wp-block-paragraph\"><em>Below I share a feature published in La Raz\u00f3n\u2019s A Tu Salud supplement with model and journalist Lorena Van Heerde, in which we discuss her experience as a patient with psoriasis and the treatment of the disease.<\/em><\/p>\n\n<p class=\"wp-block-paragraph\">Among the questions we discussed were:<\/p>\n\n<ul class=\"wp-block-list\">\n<li>The importance of not simply accepting poor disease control: psoriasis treatments have advanced considerably in recent years.<\/li>\n\n\n\n<li>The significant psychological and emotional impact psoriasis can have, and why this should be addressed during dermatological care.<\/li>\n\n\n\n<li>The importance of accurate diagnosis and awareness of the treatment options currently available.<\/li>\n<\/ul>\n\n<figure class=\"wp-block-image size-large\"><a href=\"Treating Lorena Van Heerde&#x2019;s psoriasis: La Raz&#xF3;n feature\"><img decoding=\"async\" width=\"819\" height=\"1024\" src=\"https:\/\/drgonzalezcantero.com\/wp-content\/uploads\/2024\/07\/dr-gonzalez-cantero-lorena-van-heerde-01-819x1024.jpg\" alt=\"Treating Lorena Van Heerde&#x2019;s psoriasis: La Raz&#xF3;n feature\" class=\"wp-image-54665\" srcset=\"https:\/\/drgonzalezcantero.com\/wp-content\/uploads\/2024\/07\/dr-gonzalez-cantero-lorena-van-heerde-01-819x1024.jpg 819w, https:\/\/drgonzalezcantero.com\/wp-content\/uploads\/2024\/07\/dr-gonzalez-cantero-lorena-van-heerde-01-480x600.jpg 480w\" sizes=\"(min-width: 0px) and (max-width: 480px) 480px, (min-width: 481px) 819px, 100vw\" \/><\/a><\/figure>\n","protected":false},"excerpt":{"rendered":"<p>La Raz\u00f3n feature with journalist Lorena Van Heerde discussing her experience of living with psoriasis and its treatment.<\/p>\n","protected":false},"author":2,"featured_media":55874,"comment_status":"closed","ping_status":"closed","sticky":false,"template":"","format":"standard","meta":{"inline_featured_image":false,"footnotes":""},"categories":[57],"tags":[],"class_list":["post-55918","post","type-post","status-publish","format-standard","has-post-thumbnail","hentry","category-medios"],"yoast_head":"<!-- This site is optimized with the Yoast SEO Premium plugin v28.3 (Yoast SEO v28.3) - https:\/\/yoast.com\/product\/yoast-seo-premium-wordpress\/ -->\n<title>Treating Lorena Van Heerde\u2019s psoriasis<\/title>\n<meta name=\"description\" content=\"La Raz\u00f3n feature with journalist Lorena Van Heerde discussing her experience of living with psoriasis and its treatment.\" \/>\n<meta name=\"robots\" content=\"index, follow, max-snippet:-1, max-image-preview:large, max-video-preview:-1\" \/>\n<link rel=\"canonical\" href=\"https:\/\/drgonzalezcantero.com\/en\/la-razon-lorena-van-heerde-psoriasis-2024\/\" \/>\n<meta property=\"og:locale\" content=\"en_US\" \/>\n<meta property=\"og:type\" content=\"article\" \/>\n<meta property=\"og:title\" content=\"Treating Lorena Van Heerde\u2019s psoriasis\" \/>\n<meta property=\"og:description\" content=\"La Raz\u00f3n feature with journalist Lorena Van Heerde discussing her experience of living with psoriasis and its treatment.\" \/>\n<meta property=\"og:url\" content=\"https:\/\/drgonzalezcantero.com\/en\/la-razon-lorena-van-heerde-psoriasis-2024\/\" \/>\n<meta property=\"og:site_name\" content=\"Dermat\u00f3logo especialista en Psoriasis | Dr. Gonz\u00e1lez Cantero\" \/>\n<meta property=\"article:published_time\" content=\"2024-07-25T10:15:24+00:00\" \/>\n<meta property=\"article:modified_time\" content=\"2026-09-02T09:44:07+00:00\" \/>\n<meta property=\"og:image\" content=\"https:\/\/drgonzalezcantero.com\/wp-content\/uploads\/2021\/09\/destacada-entrevista-la-razon-5.jpg\" \/>\n\t<meta property=\"og:image:width\" content=\"914\" \/>\n\t<meta property=\"og:image:height\" content=\"571\" \/>\n\t<meta property=\"og:image:type\" content=\"image\/jpeg\" \/>\n<meta name=\"author\" content=\"Dr. \u00c1lvaro Gonz\u00e1lez Cantero\" \/>\n<meta name=\"twitter:card\" content=\"summary_large_image\" \/>\n<meta name=\"twitter:label1\" content=\"Written by\" \/>\n\t<meta name=\"twitter:data1\" content=\"Dr. \u00c1lvaro Gonz\u00e1lez Cantero\" \/>\n<script type=\"application\/ld+json\" class=\"yoast-schema-graph\">{\"@context\":\"https:\\\/\\\/schema.org\",\"@graph\":[{\"@type\":\"Article\",\"@id\":\"https:\\\/\\\/drgonzalezcantero.com\\\/en\\\/la-razon-lorena-van-heerde-psoriasis-2024\\\/#article\",\"isPartOf\":{\"@id\":\"https:\\\/\\\/drgonzalezcantero.com\\\/en\\\/la-razon-lorena-van-heerde-psoriasis-2024\\\/\"},\"author\":{\"name\":\"Dr. \u00c1lvaro Gonz\u00e1lez Cantero\",\"@id\":\"https:\\\/\\\/drgonzalezcantero.com\\\/en\\\/#\\\/schema\\\/person\\\/5f7e07c0a0237799b70664931311954d\"},\"headline\":\"Treating Lorena Van Heerde\u2019s psoriasis\",\"datePublished\":\"2024-07-25T10:15:24+00:00\",\"dateModified\":\"2026-09-02T09:44:07+00:00\",\"mainEntityOfPage\":{\"@id\":\"https:\\\/\\\/drgonzalezcantero.com\\\/en\\\/la-razon-lorena-van-heerde-psoriasis-2024\\\/\"},\"wordCount\":99,\"publisher\":{\"@id\":\"https:\\\/\\\/drgonzalezcantero.com\\\/en\\\/#organization\"},\"image\":{\"@id\":\"https:\\\/\\\/drgonzalezcantero.com\\\/en\\\/la-razon-lorena-van-heerde-psoriasis-2024\\\/#primaryimage\"},\"thumbnailUrl\":\"https:\\\/\\\/drgonzalezcantero.com\\\/wp-content\\\/uploads\\\/2021\\\/09\\\/destacada-entrevista-la-razon-5.jpg\",\"articleSection\":[\"Medios\"],\"inLanguage\":\"en-US\"},{\"@type\":\"WebPage\",\"@id\":\"https:\\\/\\\/drgonzalezcantero.com\\\/en\\\/la-razon-lorena-van-heerde-psoriasis-2024\\\/\",\"url\":\"https:\\\/\\\/drgonzalezcantero.com\\\/en\\\/la-razon-lorena-van-heerde-psoriasis-2024\\\/\",\"name\":\"Treating Lorena Van Heerde\u2019s psoriasis\",\"isPartOf\":{\"@id\":\"https:\\\/\\\/drgonzalezcantero.com\\\/en\\\/#website\"},\"primaryImageOfPage\":{\"@id\":\"https:\\\/\\\/drgonzalezcantero.com\\\/en\\\/la-razon-lorena-van-heerde-psoriasis-2024\\\/#primaryimage\"},\"image\":{\"@id\":\"https:\\\/\\\/drgonzalezcantero.com\\\/en\\\/la-razon-lorena-van-heerde-psoriasis-2024\\\/#primaryimage\"},\"thumbnailUrl\":\"https:\\\/\\\/drgonzalezcantero.com\\\/wp-content\\\/uploads\\\/2021\\\/09\\\/destacada-entrevista-la-razon-5.jpg\",\"datePublished\":\"2024-07-25T10:15:24+00:00\",\"dateModified\":\"2026-09-02T09:44:07+00:00\",\"description\":\"La Raz\u00f3n feature with journalist Lorena Van Heerde discussing her experience of living with psoriasis and its treatment.\",\"breadcrumb\":{\"@id\":\"https:\\\/\\\/drgonzalezcantero.com\\\/en\\\/la-razon-lorena-van-heerde-psoriasis-2024\\\/#breadcrumb\"},\"inLanguage\":\"en-US\",\"potentialAction\":[{\"@type\":\"ReadAction\",\"target\":[\"https:\\\/\\\/drgonzalezcantero.com\\\/en\\\/la-razon-lorena-van-heerde-psoriasis-2024\\\/\"]}]},{\"@type\":\"ImageObject\",\"inLanguage\":\"en-US\",\"@id\":\"https:\\\/\\\/drgonzalezcantero.com\\\/en\\\/la-razon-lorena-van-heerde-psoriasis-2024\\\/#primaryimage\",\"url\":\"https:\\\/\\\/drgonzalezcantero.com\\\/wp-content\\\/uploads\\\/2021\\\/09\\\/destacada-entrevista-la-razon-5.jpg\",\"contentUrl\":\"https:\\\/\\\/drgonzalezcantero.com\\\/wp-content\\\/uploads\\\/2021\\\/09\\\/destacada-entrevista-la-razon-5.jpg\",\"width\":914,\"height\":571},{\"@type\":\"BreadcrumbList\",\"@id\":\"https:\\\/\\\/drgonzalezcantero.com\\\/en\\\/la-razon-lorena-van-heerde-psoriasis-2024\\\/#breadcrumb\",\"itemListElement\":[{\"@type\":\"ListItem\",\"position\":1,\"name\":\"Portada\",\"item\":\"https:\\\/\\\/drgonzalezcantero.com\\\/en\\\/\"},{\"@type\":\"ListItem\",\"position\":2,\"name\":\"Treating Lorena Van Heerde\u2019s psoriasis\"}]},{\"@type\":\"WebSite\",\"@id\":\"https:\\\/\\\/drgonzalezcantero.com\\\/en\\\/#website\",\"url\":\"https:\\\/\\\/drgonzalezcantero.com\\\/en\\\/\",\"name\":\"Dermat\u00f3logo especialista en Psoriasis | Dr. Gonz\u00e1lez Cantero\",\"description\":\"El Dr. Gonz\u00e1lez Cantero es dermat\u00f3logo especialista en psoriasis y otras enfermedades inflamatorias de la piel en el Grupo Pedro Ja\u00e9n.\",\"publisher\":{\"@id\":\"https:\\\/\\\/drgonzalezcantero.com\\\/en\\\/#organization\"},\"alternateName\":\"Dr. \u00c1lvaro Gonz\u00e1lez Cantero\",\"potentialAction\":[{\"@type\":\"SearchAction\",\"target\":{\"@type\":\"EntryPoint\",\"urlTemplate\":\"https:\\\/\\\/drgonzalezcantero.com\\\/en\\\/?s={search_term_string}\"},\"query-input\":{\"@type\":\"PropertyValueSpecification\",\"valueRequired\":true,\"valueName\":\"search_term_string\"}}],\"inLanguage\":\"en-US\"},{\"@type\":[\"Organization\",\"Place\",\"Dermatology\"],\"@id\":\"https:\\\/\\\/drgonzalezcantero.com\\\/en\\\/#organization\",\"name\":\"Dr. Gonz\u00e1lez Cantero | Dermat\u00f3logo especialista psoriasis | Madrid\",\"alternateName\":\"Dr. \u00c1lvaro Gonz\u00e1lez Cantero\",\"url\":\"https:\\\/\\\/drgonzalezcantero.com\\\/en\\\/\",\"logo\":{\"@id\":\"https:\\\/\\\/drgonzalezcantero.com\\\/en\\\/la-razon-lorena-van-heerde-psoriasis-2024\\\/#local-main-organization-logo\"},\"image\":{\"@id\":\"https:\\\/\\\/drgonzalezcantero.com\\\/en\\\/la-razon-lorena-van-heerde-psoriasis-2024\\\/#local-main-organization-logo\"},\"address\":{\"@id\":\"https:\\\/\\\/drgonzalezcantero.com\\\/en\\\/la-razon-lorena-van-heerde-psoriasis-2024\\\/#local-main-place-address\"},\"geo\":{\"@type\":\"GeoCoordinates\",\"latitude\":\"40.4491577\",\"longitude\":\"-3.6799542\"},\"telephone\":[\"914317861\"],\"openingHoursSpecification\":[{\"@type\":\"OpeningHoursSpecification\",\"dayOfWeek\":[\"Monday\",\"Tuesday\",\"Wednesday\",\"Thursday\",\"Friday\"],\"opens\":\"09:00\",\"closes\":\"21:00\"},{\"@type\":\"OpeningHoursSpecification\",\"dayOfWeek\":[\"Saturday\",\"Sunday\"],\"opens\":\"00:00\",\"closes\":\"00:00\"}],\"email\":\"info@drgonzalezcantero.com\"},{\"@type\":\"Person\",\"@id\":\"https:\\\/\\\/drgonzalezcantero.com\\\/en\\\/#\\\/schema\\\/person\\\/5f7e07c0a0237799b70664931311954d\",\"name\":\"Dr. \u00c1lvaro Gonz\u00e1lez Cantero\"},{\"@type\":\"PostalAddress\",\"@id\":\"https:\\\/\\\/drgonzalezcantero.com\\\/en\\\/la-razon-lorena-van-heerde-psoriasis-2024\\\/#local-main-place-address\",\"streetAddress\":\"Calle de Serrano, 143, Grupo Pedro Ja\u00e9n\",\"addressLocality\":\"Madrid\",\"postalCode\":\"28006\",\"addressCountry\":\"ES\"},{\"@type\":\"ImageObject\",\"inLanguage\":\"en-US\",\"@id\":\"https:\\\/\\\/drgonzalezcantero.com\\\/en\\\/la-razon-lorena-van-heerde-psoriasis-2024\\\/#local-main-organization-logo\",\"url\":\"https:\\\/\\\/drgonzalezcantero.com\\\/wp-content\\\/uploads\\\/2020\\\/12\\\/cropped-fav-gonzalez-cantero-1.png\",\"contentUrl\":\"https:\\\/\\\/drgonzalezcantero.com\\\/wp-content\\\/uploads\\\/2020\\\/12\\\/cropped-fav-gonzalez-cantero-1.png\",\"width\":512,\"height\":512,\"caption\":\"Dr. Gonz\u00e1lez Cantero | Dermat\u00f3logo especialista psoriasis | Madrid\"}]}<\/script>\n<meta name=\"geo.placename\" content=\"Madrid\" \/>\n<meta name=\"geo.position\" content=\"40.4491577;-3.6799542\" \/>\n<meta name=\"geo.region\" content=\"Spain\" \/>\n<!-- \/ Yoast SEO Premium plugin. -->","yoast_head_json":{"title":"Treating Lorena Van Heerde\u2019s psoriasis","description":"La Raz\u00f3n feature with journalist Lorena Van Heerde discussing her experience of living with psoriasis and its treatment.","robots":{"index":"index","follow":"follow","max-snippet":"max-snippet:-1","max-image-preview":"max-image-preview:large","max-video-preview":"max-video-preview:-1"},"canonical":"https:\/\/drgonzalezcantero.com\/en\/la-razon-lorena-van-heerde-psoriasis-2024\/","og_locale":"en_US","og_type":"article","og_title":"Treating Lorena Van Heerde\u2019s psoriasis","og_description":"La Raz\u00f3n feature with journalist Lorena Van Heerde discussing her experience of living with psoriasis and its treatment.","og_url":"https:\/\/drgonzalezcantero.com\/en\/la-razon-lorena-van-heerde-psoriasis-2024\/","og_site_name":"Dermat\u00f3logo especialista en Psoriasis | Dr. Gonz\u00e1lez Cantero","article_published_time":"2024-07-25T10:15:24+00:00","article_modified_time":"2026-09-02T09:44:07+00:00","og_image":[{"width":914,"height":571,"url":"https:\/\/drgonzalezcantero.com\/wp-content\/uploads\/2021\/09\/destacada-entrevista-la-razon-5.jpg","type":"image\/jpeg"}],"author":"Dr. \u00c1lvaro Gonz\u00e1lez Cantero","twitter_card":"summary_large_image","twitter_misc":{"Written by":"Dr. \u00c1lvaro Gonz\u00e1lez Cantero"},"schema":{"@context":"https:\/\/schema.org","@graph":[{"@type":"Article","@id":"https:\/\/drgonzalezcantero.com\/en\/la-razon-lorena-van-heerde-psoriasis-2024\/#article","isPartOf":{"@id":"https:\/\/drgonzalezcantero.com\/en\/la-razon-lorena-van-heerde-psoriasis-2024\/"},"author":{"name":"Dr. \u00c1lvaro Gonz\u00e1lez Cantero","@id":"https:\/\/drgonzalezcantero.com\/en\/#\/schema\/person\/5f7e07c0a0237799b70664931311954d"},"headline":"Treating Lorena Van Heerde\u2019s psoriasis","datePublished":"2024-07-25T10:15:24+00:00","dateModified":"2026-09-02T09:44:07+00:00","mainEntityOfPage":{"@id":"https:\/\/drgonzalezcantero.com\/en\/la-razon-lorena-van-heerde-psoriasis-2024\/"},"wordCount":99,"publisher":{"@id":"https:\/\/drgonzalezcantero.com\/en\/#organization"},"image":{"@id":"https:\/\/drgonzalezcantero.com\/en\/la-razon-lorena-van-heerde-psoriasis-2024\/#primaryimage"},"thumbnailUrl":"https:\/\/drgonzalezcantero.com\/wp-content\/uploads\/2021\/09\/destacada-entrevista-la-razon-5.jpg","articleSection":["Medios"],"inLanguage":"en-US"},{"@type":"WebPage","@id":"https:\/\/drgonzalezcantero.com\/en\/la-razon-lorena-van-heerde-psoriasis-2024\/","url":"https:\/\/drgonzalezcantero.com\/en\/la-razon-lorena-van-heerde-psoriasis-2024\/","name":"Treating Lorena Van Heerde\u2019s psoriasis","isPartOf":{"@id":"https:\/\/drgonzalezcantero.com\/en\/#website"},"primaryImageOfPage":{"@id":"https:\/\/drgonzalezcantero.com\/en\/la-razon-lorena-van-heerde-psoriasis-2024\/#primaryimage"},"image":{"@id":"https:\/\/drgonzalezcantero.com\/en\/la-razon-lorena-van-heerde-psoriasis-2024\/#primaryimage"},"thumbnailUrl":"https:\/\/drgonzalezcantero.com\/wp-content\/uploads\/2021\/09\/destacada-entrevista-la-razon-5.jpg","datePublished":"2024-07-25T10:15:24+00:00","dateModified":"2026-09-02T09:44:07+00:00","description":"La Raz\u00f3n feature with journalist Lorena Van Heerde discussing her experience of living with psoriasis and its treatment.","breadcrumb":{"@id":"https:\/\/drgonzalezcantero.com\/en\/la-razon-lorena-van-heerde-psoriasis-2024\/#breadcrumb"},"inLanguage":"en-US","potentialAction":[{"@type":"ReadAction","target":["https:\/\/drgonzalezcantero.com\/en\/la-razon-lorena-van-heerde-psoriasis-2024\/"]}]},{"@type":"ImageObject","inLanguage":"en-US","@id":"https:\/\/drgonzalezcantero.com\/en\/la-razon-lorena-van-heerde-psoriasis-2024\/#primaryimage","url":"https:\/\/drgonzalezcantero.com\/wp-content\/uploads\/2021\/09\/destacada-entrevista-la-razon-5.jpg","contentUrl":"https:\/\/drgonzalezcantero.com\/wp-content\/uploads\/2021\/09\/destacada-entrevista-la-razon-5.jpg","width":914,"height":571},{"@type":"BreadcrumbList","@id":"https:\/\/drgonzalezcantero.com\/en\/la-razon-lorena-van-heerde-psoriasis-2024\/#breadcrumb","itemListElement":[{"@type":"ListItem","position":1,"name":"Portada","item":"https:\/\/drgonzalezcantero.com\/en\/"},{"@type":"ListItem","position":2,"name":"Treating Lorena Van Heerde\u2019s psoriasis"}]},{"@type":"WebSite","@id":"https:\/\/drgonzalezcantero.com\/en\/#website","url":"https:\/\/drgonzalezcantero.com\/en\/","name":"Dermat\u00f3logo especialista en Psoriasis | Dr. Gonz\u00e1lez Cantero","description":"El Dr. Gonz\u00e1lez Cantero es dermat\u00f3logo especialista en psoriasis y otras enfermedades inflamatorias de la piel en el Grupo Pedro Ja\u00e9n.","publisher":{"@id":"https:\/\/drgonzalezcantero.com\/en\/#organization"},"alternateName":"Dr. \u00c1lvaro Gonz\u00e1lez Cantero","potentialAction":[{"@type":"SearchAction","target":{"@type":"EntryPoint","urlTemplate":"https:\/\/drgonzalezcantero.com\/en\/?s={search_term_string}"},"query-input":{"@type":"PropertyValueSpecification","valueRequired":true,"valueName":"search_term_string"}}],"inLanguage":"en-US"},{"@type":["Organization","Place","Dermatology"],"@id":"https:\/\/drgonzalezcantero.com\/en\/#organization","name":"Dr. Gonz\u00e1lez Cantero | Dermat\u00f3logo especialista psoriasis | Madrid","alternateName":"Dr. \u00c1lvaro Gonz\u00e1lez Cantero","url":"https:\/\/drgonzalezcantero.com\/en\/","logo":{"@id":"https:\/\/drgonzalezcantero.com\/en\/la-razon-lorena-van-heerde-psoriasis-2024\/#local-main-organization-logo"},"image":{"@id":"https:\/\/drgonzalezcantero.com\/en\/la-razon-lorena-van-heerde-psoriasis-2024\/#local-main-organization-logo"},"address":{"@id":"https:\/\/drgonzalezcantero.com\/en\/la-razon-lorena-van-heerde-psoriasis-2024\/#local-main-place-address"},"geo":{"@type":"GeoCoordinates","latitude":"40.4491577","longitude":"-3.6799542"},"telephone":["914317861"],"openingHoursSpecification":[{"@type":"OpeningHoursSpecification","dayOfWeek":["Monday","Tuesday","Wednesday","Thursday","Friday"],"opens":"09:00","closes":"21:00"},{"@type":"OpeningHoursSpecification","dayOfWeek":["Saturday","Sunday"],"opens":"00:00","closes":"00:00"}],"email":"info@drgonzalezcantero.com"},{"@type":"Person","@id":"https:\/\/drgonzalezcantero.com\/en\/#\/schema\/person\/5f7e07c0a0237799b70664931311954d","name":"Dr. \u00c1lvaro Gonz\u00e1lez Cantero"},{"@type":"PostalAddress","@id":"https:\/\/drgonzalezcantero.com\/en\/la-razon-lorena-van-heerde-psoriasis-2024\/#local-main-place-address","streetAddress":"Calle de Serrano, 143, Grupo Pedro Ja\u00e9n","addressLocality":"Madrid","postalCode":"28006","addressCountry":"ES"},{"@type":"ImageObject","inLanguage":"en-US","@id":"https:\/\/drgonzalezcantero.com\/en\/la-razon-lorena-van-heerde-psoriasis-2024\/#local-main-organization-logo","url":"https:\/\/drgonzalezcantero.com\/wp-content\/uploads\/2020\/12\/cropped-fav-gonzalez-cantero-1.png","contentUrl":"https:\/\/drgonzalezcantero.com\/wp-content\/uploads\/2020\/12\/cropped-fav-gonzalez-cantero-1.png","width":512,"height":512,"caption":"Dr. Gonz\u00e1lez Cantero | Dermat\u00f3logo especialista psoriasis | Madrid"}]},"geo.placename":"Madrid","geo.position":{"lat":"40.4491577","long":"-3.6799542"},"geo.region":"Spain"},"_links":{"self":[{"href":"https:\/\/drgonzalezcantero.com\/en\/wp-json\/wp\/v2\/posts\/55918","targetHints":{"allow":["GET"]}}],"collection":[{"href":"https:\/\/drgonzalezcantero.com\/en\/wp-json\/wp\/v2\/posts"}],"about":[{"href":"https:\/\/drgonzalezcantero.com\/en\/wp-json\/wp\/v2\/types\/post"}],"author":[{"embeddable":true,"href":"https:\/\/drgonzalezcantero.com\/en\/wp-json\/wp\/v2\/users\/2"}],"replies":[{"embeddable":true,"href":"https:\/\/drgonzalezcantero.com\/en\/wp-json\/wp\/v2\/comments?post=55918"}],"version-history":[{"count":1,"href":"https:\/\/drgonzalezcantero.com\/en\/wp-json\/wp\/v2\/posts\/55918\/revisions"}],"predecessor-version":[{"id":55919,"href":"https:\/\/drgonzalezcantero.com\/en\/wp-json\/wp\/v2\/posts\/55918\/revisions\/55919"}],"wp:featuredmedia":[{"embeddable":true,"href":"https:\/\/drgonzalezcantero.com\/en\/wp-json\/wp\/v2\/media\/55874"}],"wp:attachment":[{"href":"https:\/\/drgonzalezcantero.com\/en\/wp-json\/wp\/v2\/media?parent=55918"}],"wp:term":[{"taxonomy":"category","embeddable":true,"href":"https:\/\/drgonzalezcantero.com\/en\/wp-json\/wp\/v2\/categories?post=55918"},{"taxonomy":"post_tag","embeddable":true,"href":"https:\/\/drgonzalezcantero.com\/en\/wp-json\/wp\/v2\/tags?post=55918"}],"curies":[{"name":"wp","href":"https:\/\/api.w.org\/{rel}","templated":true}]}}