{"id":55963,"date":"2025-04-03T11:49:28","date_gmt":"2025-04-03T09:49:28","guid":{"rendered":"https:\/\/drgonzalezcantero.com\/the-psoriasis-revolution-2025\/"},"modified":"2026-09-03T16:35:40","modified_gmt":"2026-09-03T14:35:40","slug":"the-psoriasis-revolution-2025","status":"publish","type":"post","link":"https:\/\/drgonzalezcantero.com\/en\/the-psoriasis-revolution-2025\/","title":{"rendered":"The Psoriasis Revolution 2025"},"content":{"rendered":"\n<p class=\"wp-block-paragraph\"><em>Revisit The Psoriasis Revolution III, the 2025 edition of our event for people with psoriasis, held on 29 March.<\/em><\/p>\n\n<p class=\"wp-block-paragraph\">On Saturday, 29 March, we held the third edition of <em>The Psoriasis Revolution<\/em>, an event that <a href=\"https:\/\/drgonzalezcantero.com\/the-psoriasis-revolution-2022\/\">began in 2022<\/a> with a clear purpose: to provide people with psoriasis with relevant information about their disease in a <strong>clear, useful and accessible<\/strong> way. Visit the <a href=\"https:\/\/thepsoriasisrevolution.com\/\" target=\"_blank\" rel=\"noreferrer noopener\">official The Psoriasis Revolution website<\/a> for further information about this initiative. <\/p>\n\n<p class=\"wp-block-paragraph\">In 2025, <em>The Psoriasis Revolution III<\/em> once again brought together patients, relatives and healthcare professionals to discuss recent advances in psoriasis management, answer common questions and provide a space for dialogue and shared experience.<\/p>\n\n<h2 class=\"wp-block-heading\">A meeting point for patients and healthcare professionals<\/h2>\n\n<p class=\"wp-block-paragraph\">As in previous editions, the event went beyond providing information. It offered a forum in which patients, families and professionals could share experiences, questions and different perspectives on living with and managing psoriasis. <\/p>\n\n<p class=\"wp-block-paragraph\">Dermatologists, rheumatologists, psychologists, nutrition specialists and other healthcare professionals took part, addressing psoriasis <strong>from a multidisciplinary perspective<\/strong>. This is particularly relevant because psoriasis does not affect only the skin. It may also have physical, psychological and social implications that should be considered as part of comprehensive care. <\/p>\n\n<h2 class=\"wp-block-heading\">Scientific evidence with a patient-centred approach<\/h2>\n\n<p class=\"wp-block-paragraph\">One of the featured speakers was Dr Joel M. Gelfand, internationally recognised for his research into the relationship between psoriasis, systemic inflammation and cardiovascular risk. His message highlighted the progress made in understanding and treating psoriasis and the reasons for looking to the future with optimism: <\/p>\n\n<p class=\"wp-block-paragraph\"><em>\u201cToday, science gives us real tools to change the future for people living with psoriasis. There are reasons to be optimistic.\u201d<\/em><\/p>\n\n<h2 class=\"wp-block-heading\">Perspectives beyond psoriasis<\/h2>\n\n<p class=\"wp-block-paragraph\">This year, we were also joined by Paralympic athlete <strong>Sara de Andr\u00e9s<\/strong>, who spoke about resilience, adapting to adversity and approaching everyday challenges. Although she does not live with psoriasis, her experience offered a broader perspective on how people can respond to situations that affect their daily lives.  <\/p>\n\n<h2 class=\"wp-block-heading\">With the support of Fundaci\u00f3n Pedro Ja\u00e9n<\/h2>\n\n<p class=\"wp-block-paragraph\">Once again, <a href=\"https:\/\/fundacionpedrojaen.com\/\">Fundaci\u00f3n Pedro Ja\u00e9n<\/a> supported the event as part of its commitment to <strong>research, scientific education and patient support<\/strong>. This support helps us continue developing initiatives aimed at improving access to reliable medical information and promoting increasingly personalised and comprehensive care. <\/p>\n\n<p class=\"wp-block-paragraph\"><strong>Revisit the event<\/strong><\/p>\n\n<p class=\"wp-block-paragraph\">If you were unable to attend, or would like to watch the event again, you can view the recording of the live broadcast, which has already been watched by more than 150,000 people worldwide:<\/p>\n\n<figure class=\"wp-block-embed is-type-video is-provider-youtube wp-block-embed-youtube wp-embed-aspect-16-9 wp-has-aspect-ratio\"><div class=\"wp-block-embed__wrapper\">\n<iframe title=\"The Psoriasis Revolution III: \u00daltimas novedades en psoriasis (2025)\" width=\"1080\" height=\"608\" src=\"https:\/\/www.youtube.com\/embed\/tvU01d6cD5o?feature=oembed\"  allow=\"accelerometer; autoplay; clipboard-write; encrypted-media; gyroscope; picture-in-picture; web-share\" referrerpolicy=\"strict-origin-when-cross-origin\" allowfullscreen><\/iframe>\n<\/div><\/figure>\n\n<p class=\"wp-block-paragraph\">For further information about the event, programme and speakers, visit the <a href=\"https:\/\/thepsoriasisrevolution.com\/edicion-2025\/\" target=\"_blank\" rel=\"noreferrer noopener\">The Psoriasis Revolution III \u2013 2025 edition<\/a> page.<\/p>\n\n<h2 class=\"wp-block-heading\">The Psoriasis Revolution continues<\/h2>\n\n<p class=\"wp-block-paragraph\"><em>The Psoriasis Revolution III<\/em> brought together scientific information, patient perspectives and multidisciplinary expertise in a <strong>shared forum dedicated to psoriasis<\/strong>. We remain committed to health education, improving understanding of psoriasis and helping patients take an informed role in decisions about their care. <\/p>\n\n<p class=\"wp-block-paragraph\">We look forward to the next edition and to continuing this initiative in the years ahead. <\/p>\n","protected":false},"excerpt":{"rendered":"<p>Revisit The Psoriasis Revolution III, the 2025 edition of our event for people with psoriasis, held on 29 March.<\/p>\n","protected":false},"author":2,"featured_media":55962,"comment_status":"closed","ping_status":"closed","sticky":false,"template":"","format":"standard","meta":{"inline_featured_image":false,"footnotes":""},"categories":[58],"tags":[],"class_list":["post-55963","post","type-post","status-publish","format-standard","has-post-thumbnail","hentry","category-events"],"yoast_head":"<!-- This site is optimized with the Yoast SEO Premium plugin v28.3 (Yoast SEO v28.3) - https:\/\/yoast.com\/product\/yoast-seo-premium-wordpress\/ -->\n<title>The Psoriasis Revolution 2025: highlights from the event<\/title>\n<meta name=\"description\" content=\"Revisit The Psoriasis Revolution III, the 2025 edition of our event for people with psoriasis, held on 29 March.\" \/>\n<meta name=\"robots\" content=\"index, follow, max-snippet:-1, max-image-preview:large, max-video-preview:-1\" \/>\n<link rel=\"canonical\" href=\"https:\/\/drgonzalezcantero.com\/en\/the-psoriasis-revolution-2025\/\" \/>\n<meta property=\"og:locale\" content=\"en_US\" \/>\n<meta property=\"og:type\" content=\"article\" \/>\n<meta property=\"og:title\" content=\"The Psoriasis Revolution 2025\" \/>\n<meta property=\"og:description\" content=\"Revisit The Psoriasis Revolution III, the 2025 edition of our event for people with psoriasis, held on 29 March.\" \/>\n<meta property=\"og:url\" content=\"https:\/\/drgonzalezcantero.com\/en\/the-psoriasis-revolution-2025\/\" \/>\n<meta property=\"og:site_name\" content=\"Dermat\u00f3logo especialista en Psoriasis | Dr. Gonz\u00e1lez Cantero\" \/>\n<meta property=\"article:published_time\" content=\"2025-04-03T09:49:28+00:00\" \/>\n<meta property=\"article:modified_time\" content=\"2026-09-03T14:35:40+00:00\" \/>\n<meta property=\"og:image\" content=\"https:\/\/drgonzalezcantero.com\/wp-content\/uploads\/2025\/05\/the-psoriasis-revolution-iii-2025-01.jpg\" \/>\n\t<meta property=\"og:image:width\" content=\"914\" \/>\n\t<meta property=\"og:image:height\" content=\"571\" \/>\n\t<meta property=\"og:image:type\" content=\"image\/jpeg\" \/>\n<meta name=\"author\" content=\"Dr. \u00c1lvaro Gonz\u00e1lez Cantero\" \/>\n<meta name=\"twitter:card\" content=\"summary_large_image\" \/>\n<meta name=\"twitter:label1\" content=\"Written by\" \/>\n\t<meta name=\"twitter:data1\" content=\"Dr. \u00c1lvaro Gonz\u00e1lez Cantero\" \/>\n\t<meta name=\"twitter:label2\" content=\"Est. reading time\" \/>\n\t<meta name=\"twitter:data2\" content=\"2 minutes\" \/>\n<script type=\"application\/ld+json\" class=\"yoast-schema-graph\">{\"@context\":\"https:\\\/\\\/schema.org\",\"@graph\":[{\"@type\":\"Article\",\"@id\":\"https:\\\/\\\/drgonzalezcantero.com\\\/en\\\/the-psoriasis-revolution-2025\\\/#article\",\"isPartOf\":{\"@id\":\"https:\\\/\\\/drgonzalezcantero.com\\\/en\\\/the-psoriasis-revolution-2025\\\/\"},\"author\":{\"name\":\"Dr. \u00c1lvaro Gonz\u00e1lez Cantero\",\"@id\":\"https:\\\/\\\/drgonzalezcantero.com\\\/en\\\/#\\\/schema\\\/person\\\/5f7e07c0a0237799b70664931311954d\"},\"headline\":\"The Psoriasis Revolution 2025\",\"datePublished\":\"2025-04-03T09:49:28+00:00\",\"dateModified\":\"2026-09-03T14:35:40+00:00\",\"mainEntityOfPage\":{\"@id\":\"https:\\\/\\\/drgonzalezcantero.com\\\/en\\\/the-psoriasis-revolution-2025\\\/\"},\"wordCount\":495,\"publisher\":{\"@id\":\"https:\\\/\\\/drgonzalezcantero.com\\\/en\\\/#organization\"},\"image\":{\"@id\":\"https:\\\/\\\/drgonzalezcantero.com\\\/en\\\/the-psoriasis-revolution-2025\\\/#primaryimage\"},\"thumbnailUrl\":\"https:\\\/\\\/drgonzalezcantero.com\\\/wp-content\\\/uploads\\\/2025\\\/05\\\/the-psoriasis-revolution-iii-2025-01.jpg\",\"articleSection\":[\"Events\"],\"inLanguage\":\"en-US\"},{\"@type\":\"WebPage\",\"@id\":\"https:\\\/\\\/drgonzalezcantero.com\\\/en\\\/the-psoriasis-revolution-2025\\\/\",\"url\":\"https:\\\/\\\/drgonzalezcantero.com\\\/en\\\/the-psoriasis-revolution-2025\\\/\",\"name\":\"The Psoriasis Revolution 2025: highlights from the event\",\"isPartOf\":{\"@id\":\"https:\\\/\\\/drgonzalezcantero.com\\\/en\\\/#website\"},\"primaryImageOfPage\":{\"@id\":\"https:\\\/\\\/drgonzalezcantero.com\\\/en\\\/the-psoriasis-revolution-2025\\\/#primaryimage\"},\"image\":{\"@id\":\"https:\\\/\\\/drgonzalezcantero.com\\\/en\\\/the-psoriasis-revolution-2025\\\/#primaryimage\"},\"thumbnailUrl\":\"https:\\\/\\\/drgonzalezcantero.com\\\/wp-content\\\/uploads\\\/2025\\\/05\\\/the-psoriasis-revolution-iii-2025-01.jpg\",\"datePublished\":\"2025-04-03T09:49:28+00:00\",\"dateModified\":\"2026-09-03T14:35:40+00:00\",\"description\":\"Revisit The Psoriasis Revolution III, the 2025 edition of our event for people with psoriasis, held on 29 March.\",\"breadcrumb\":{\"@id\":\"https:\\\/\\\/drgonzalezcantero.com\\\/en\\\/the-psoriasis-revolution-2025\\\/#breadcrumb\"},\"inLanguage\":\"en-US\",\"potentialAction\":[{\"@type\":\"ReadAction\",\"target\":[\"https:\\\/\\\/drgonzalezcantero.com\\\/en\\\/the-psoriasis-revolution-2025\\\/\"]}]},{\"@type\":\"ImageObject\",\"inLanguage\":\"en-US\",\"@id\":\"https:\\\/\\\/drgonzalezcantero.com\\\/en\\\/the-psoriasis-revolution-2025\\\/#primaryimage\",\"url\":\"https:\\\/\\\/drgonzalezcantero.com\\\/wp-content\\\/uploads\\\/2025\\\/05\\\/the-psoriasis-revolution-iii-2025-01.jpg\",\"contentUrl\":\"https:\\\/\\\/drgonzalezcantero.com\\\/wp-content\\\/uploads\\\/2025\\\/05\\\/the-psoriasis-revolution-iii-2025-01.jpg\",\"width\":914,\"height\":571,\"caption\":\"The Psoriasis Revolution III \u2013 2025\"},{\"@type\":\"BreadcrumbList\",\"@id\":\"https:\\\/\\\/drgonzalezcantero.com\\\/en\\\/the-psoriasis-revolution-2025\\\/#breadcrumb\",\"itemListElement\":[{\"@type\":\"ListItem\",\"position\":1,\"name\":\"Portada\",\"item\":\"https:\\\/\\\/drgonzalezcantero.com\\\/en\\\/\"},{\"@type\":\"ListItem\",\"position\":2,\"name\":\"The Psoriasis Revolution 2025\"}]},{\"@type\":\"WebSite\",\"@id\":\"https:\\\/\\\/drgonzalezcantero.com\\\/en\\\/#website\",\"url\":\"https:\\\/\\\/drgonzalezcantero.com\\\/en\\\/\",\"name\":\"Dermat\u00f3logo especialista en Psoriasis | Dr. Gonz\u00e1lez Cantero\",\"description\":\"El Dr. Gonz\u00e1lez Cantero es dermat\u00f3logo especialista en psoriasis y otras enfermedades inflamatorias de la piel en el Grupo Pedro Ja\u00e9n.\",\"publisher\":{\"@id\":\"https:\\\/\\\/drgonzalezcantero.com\\\/en\\\/#organization\"},\"alternateName\":\"Dr. \u00c1lvaro Gonz\u00e1lez Cantero\",\"potentialAction\":[{\"@type\":\"SearchAction\",\"target\":{\"@type\":\"EntryPoint\",\"urlTemplate\":\"https:\\\/\\\/drgonzalezcantero.com\\\/en\\\/?s={search_term_string}\"},\"query-input\":{\"@type\":\"PropertyValueSpecification\",\"valueRequired\":true,\"valueName\":\"search_term_string\"}}],\"inLanguage\":\"en-US\"},{\"@type\":[\"Organization\",\"Place\",\"Dermatology\"],\"@id\":\"https:\\\/\\\/drgonzalezcantero.com\\\/en\\\/#organization\",\"name\":\"Dr. Gonz\u00e1lez Cantero | Dermat\u00f3logo especialista psoriasis | Madrid\",\"alternateName\":\"Dr. \u00c1lvaro Gonz\u00e1lez Cantero\",\"url\":\"https:\\\/\\\/drgonzalezcantero.com\\\/en\\\/\",\"logo\":{\"@id\":\"https:\\\/\\\/drgonzalezcantero.com\\\/en\\\/the-psoriasis-revolution-2025\\\/#local-main-organization-logo\"},\"image\":{\"@id\":\"https:\\\/\\\/drgonzalezcantero.com\\\/en\\\/the-psoriasis-revolution-2025\\\/#local-main-organization-logo\"},\"address\":{\"@id\":\"https:\\\/\\\/drgonzalezcantero.com\\\/en\\\/the-psoriasis-revolution-2025\\\/#local-main-place-address\"},\"geo\":{\"@type\":\"GeoCoordinates\",\"latitude\":\"40.4491577\",\"longitude\":\"-3.6799542\"},\"telephone\":[\"914317861\"],\"openingHoursSpecification\":[{\"@type\":\"OpeningHoursSpecification\",\"dayOfWeek\":[\"Monday\",\"Tuesday\",\"Wednesday\",\"Thursday\",\"Friday\"],\"opens\":\"09:00\",\"closes\":\"21:00\"},{\"@type\":\"OpeningHoursSpecification\",\"dayOfWeek\":[\"Saturday\",\"Sunday\"],\"opens\":\"00:00\",\"closes\":\"00:00\"}],\"email\":\"info@drgonzalezcantero.com\"},{\"@type\":\"Person\",\"@id\":\"https:\\\/\\\/drgonzalezcantero.com\\\/en\\\/#\\\/schema\\\/person\\\/5f7e07c0a0237799b70664931311954d\",\"name\":\"Dr. \u00c1lvaro Gonz\u00e1lez Cantero\"},{\"@type\":\"PostalAddress\",\"@id\":\"https:\\\/\\\/drgonzalezcantero.com\\\/en\\\/the-psoriasis-revolution-2025\\\/#local-main-place-address\",\"streetAddress\":\"Calle de Serrano, 143, Grupo Pedro Ja\u00e9n\",\"addressLocality\":\"Madrid\",\"postalCode\":\"28006\",\"addressCountry\":\"ES\"},{\"@type\":\"ImageObject\",\"inLanguage\":\"en-US\",\"@id\":\"https:\\\/\\\/drgonzalezcantero.com\\\/en\\\/the-psoriasis-revolution-2025\\\/#local-main-organization-logo\",\"url\":\"https:\\\/\\\/drgonzalezcantero.com\\\/wp-content\\\/uploads\\\/2020\\\/12\\\/cropped-fav-gonzalez-cantero-1.png\",\"contentUrl\":\"https:\\\/\\\/drgonzalezcantero.com\\\/wp-content\\\/uploads\\\/2020\\\/12\\\/cropped-fav-gonzalez-cantero-1.png\",\"width\":512,\"height\":512,\"caption\":\"Dr. Gonz\u00e1lez Cantero | Dermat\u00f3logo especialista psoriasis | Madrid\"}]}<\/script>\n<meta name=\"geo.placename\" content=\"Madrid\" \/>\n<meta name=\"geo.position\" content=\"40.4491577;-3.6799542\" \/>\n<meta name=\"geo.region\" content=\"Spain\" \/>\n<!-- \/ Yoast SEO Premium plugin. -->","yoast_head_json":{"title":"The Psoriasis Revolution 2025: highlights from the event","description":"Revisit The Psoriasis Revolution III, the 2025 edition of our event for people with psoriasis, held on 29 March.","robots":{"index":"index","follow":"follow","max-snippet":"max-snippet:-1","max-image-preview":"max-image-preview:large","max-video-preview":"max-video-preview:-1"},"canonical":"https:\/\/drgonzalezcantero.com\/en\/the-psoriasis-revolution-2025\/","og_locale":"en_US","og_type":"article","og_title":"The Psoriasis Revolution 2025","og_description":"Revisit The Psoriasis Revolution III, the 2025 edition of our event for people with psoriasis, held on 29 March.","og_url":"https:\/\/drgonzalezcantero.com\/en\/the-psoriasis-revolution-2025\/","og_site_name":"Dermat\u00f3logo especialista en Psoriasis | Dr. Gonz\u00e1lez Cantero","article_published_time":"2025-04-03T09:49:28+00:00","article_modified_time":"2026-09-03T14:35:40+00:00","og_image":[{"width":914,"height":571,"url":"https:\/\/drgonzalezcantero.com\/wp-content\/uploads\/2025\/05\/the-psoriasis-revolution-iii-2025-01.jpg","type":"image\/jpeg"}],"author":"Dr. \u00c1lvaro Gonz\u00e1lez Cantero","twitter_card":"summary_large_image","twitter_misc":{"Written by":"Dr. \u00c1lvaro Gonz\u00e1lez Cantero","Est. reading time":"2 minutes"},"schema":{"@context":"https:\/\/schema.org","@graph":[{"@type":"Article","@id":"https:\/\/drgonzalezcantero.com\/en\/the-psoriasis-revolution-2025\/#article","isPartOf":{"@id":"https:\/\/drgonzalezcantero.com\/en\/the-psoriasis-revolution-2025\/"},"author":{"name":"Dr. \u00c1lvaro Gonz\u00e1lez Cantero","@id":"https:\/\/drgonzalezcantero.com\/en\/#\/schema\/person\/5f7e07c0a0237799b70664931311954d"},"headline":"The Psoriasis Revolution 2025","datePublished":"2025-04-03T09:49:28+00:00","dateModified":"2026-09-03T14:35:40+00:00","mainEntityOfPage":{"@id":"https:\/\/drgonzalezcantero.com\/en\/the-psoriasis-revolution-2025\/"},"wordCount":495,"publisher":{"@id":"https:\/\/drgonzalezcantero.com\/en\/#organization"},"image":{"@id":"https:\/\/drgonzalezcantero.com\/en\/the-psoriasis-revolution-2025\/#primaryimage"},"thumbnailUrl":"https:\/\/drgonzalezcantero.com\/wp-content\/uploads\/2025\/05\/the-psoriasis-revolution-iii-2025-01.jpg","articleSection":["Events"],"inLanguage":"en-US"},{"@type":"WebPage","@id":"https:\/\/drgonzalezcantero.com\/en\/the-psoriasis-revolution-2025\/","url":"https:\/\/drgonzalezcantero.com\/en\/the-psoriasis-revolution-2025\/","name":"The Psoriasis Revolution 2025: highlights from the event","isPartOf":{"@id":"https:\/\/drgonzalezcantero.com\/en\/#website"},"primaryImageOfPage":{"@id":"https:\/\/drgonzalezcantero.com\/en\/the-psoriasis-revolution-2025\/#primaryimage"},"image":{"@id":"https:\/\/drgonzalezcantero.com\/en\/the-psoriasis-revolution-2025\/#primaryimage"},"thumbnailUrl":"https:\/\/drgonzalezcantero.com\/wp-content\/uploads\/2025\/05\/the-psoriasis-revolution-iii-2025-01.jpg","datePublished":"2025-04-03T09:49:28+00:00","dateModified":"2026-09-03T14:35:40+00:00","description":"Revisit The Psoriasis Revolution III, the 2025 edition of our event for people with psoriasis, held on 29 March.","breadcrumb":{"@id":"https:\/\/drgonzalezcantero.com\/en\/the-psoriasis-revolution-2025\/#breadcrumb"},"inLanguage":"en-US","potentialAction":[{"@type":"ReadAction","target":["https:\/\/drgonzalezcantero.com\/en\/the-psoriasis-revolution-2025\/"]}]},{"@type":"ImageObject","inLanguage":"en-US","@id":"https:\/\/drgonzalezcantero.com\/en\/the-psoriasis-revolution-2025\/#primaryimage","url":"https:\/\/drgonzalezcantero.com\/wp-content\/uploads\/2025\/05\/the-psoriasis-revolution-iii-2025-01.jpg","contentUrl":"https:\/\/drgonzalezcantero.com\/wp-content\/uploads\/2025\/05\/the-psoriasis-revolution-iii-2025-01.jpg","width":914,"height":571,"caption":"The Psoriasis Revolution III \u2013 2025"},{"@type":"BreadcrumbList","@id":"https:\/\/drgonzalezcantero.com\/en\/the-psoriasis-revolution-2025\/#breadcrumb","itemListElement":[{"@type":"ListItem","position":1,"name":"Portada","item":"https:\/\/drgonzalezcantero.com\/en\/"},{"@type":"ListItem","position":2,"name":"The Psoriasis Revolution 2025"}]},{"@type":"WebSite","@id":"https:\/\/drgonzalezcantero.com\/en\/#website","url":"https:\/\/drgonzalezcantero.com\/en\/","name":"Dermat\u00f3logo especialista en Psoriasis | Dr. Gonz\u00e1lez Cantero","description":"El Dr. Gonz\u00e1lez Cantero es dermat\u00f3logo especialista en psoriasis y otras enfermedades inflamatorias de la piel en el Grupo Pedro Ja\u00e9n.","publisher":{"@id":"https:\/\/drgonzalezcantero.com\/en\/#organization"},"alternateName":"Dr. \u00c1lvaro Gonz\u00e1lez Cantero","potentialAction":[{"@type":"SearchAction","target":{"@type":"EntryPoint","urlTemplate":"https:\/\/drgonzalezcantero.com\/en\/?s={search_term_string}"},"query-input":{"@type":"PropertyValueSpecification","valueRequired":true,"valueName":"search_term_string"}}],"inLanguage":"en-US"},{"@type":["Organization","Place","Dermatology"],"@id":"https:\/\/drgonzalezcantero.com\/en\/#organization","name":"Dr. Gonz\u00e1lez Cantero | Dermat\u00f3logo especialista psoriasis | Madrid","alternateName":"Dr. \u00c1lvaro Gonz\u00e1lez Cantero","url":"https:\/\/drgonzalezcantero.com\/en\/","logo":{"@id":"https:\/\/drgonzalezcantero.com\/en\/the-psoriasis-revolution-2025\/#local-main-organization-logo"},"image":{"@id":"https:\/\/drgonzalezcantero.com\/en\/the-psoriasis-revolution-2025\/#local-main-organization-logo"},"address":{"@id":"https:\/\/drgonzalezcantero.com\/en\/the-psoriasis-revolution-2025\/#local-main-place-address"},"geo":{"@type":"GeoCoordinates","latitude":"40.4491577","longitude":"-3.6799542"},"telephone":["914317861"],"openingHoursSpecification":[{"@type":"OpeningHoursSpecification","dayOfWeek":["Monday","Tuesday","Wednesday","Thursday","Friday"],"opens":"09:00","closes":"21:00"},{"@type":"OpeningHoursSpecification","dayOfWeek":["Saturday","Sunday"],"opens":"00:00","closes":"00:00"}],"email":"info@drgonzalezcantero.com"},{"@type":"Person","@id":"https:\/\/drgonzalezcantero.com\/en\/#\/schema\/person\/5f7e07c0a0237799b70664931311954d","name":"Dr. \u00c1lvaro Gonz\u00e1lez Cantero"},{"@type":"PostalAddress","@id":"https:\/\/drgonzalezcantero.com\/en\/the-psoriasis-revolution-2025\/#local-main-place-address","streetAddress":"Calle de Serrano, 143, Grupo Pedro Ja\u00e9n","addressLocality":"Madrid","postalCode":"28006","addressCountry":"ES"},{"@type":"ImageObject","inLanguage":"en-US","@id":"https:\/\/drgonzalezcantero.com\/en\/the-psoriasis-revolution-2025\/#local-main-organization-logo","url":"https:\/\/drgonzalezcantero.com\/wp-content\/uploads\/2020\/12\/cropped-fav-gonzalez-cantero-1.png","contentUrl":"https:\/\/drgonzalezcantero.com\/wp-content\/uploads\/2020\/12\/cropped-fav-gonzalez-cantero-1.png","width":512,"height":512,"caption":"Dr. Gonz\u00e1lez Cantero | Dermat\u00f3logo especialista psoriasis | Madrid"}]},"geo.placename":"Madrid","geo.position":{"lat":"40.4491577","long":"-3.6799542"},"geo.region":"Spain"},"_links":{"self":[{"href":"https:\/\/drgonzalezcantero.com\/en\/wp-json\/wp\/v2\/posts\/55963","targetHints":{"allow":["GET"]}}],"collection":[{"href":"https:\/\/drgonzalezcantero.com\/en\/wp-json\/wp\/v2\/posts"}],"about":[{"href":"https:\/\/drgonzalezcantero.com\/en\/wp-json\/wp\/v2\/types\/post"}],"author":[{"embeddable":true,"href":"https:\/\/drgonzalezcantero.com\/en\/wp-json\/wp\/v2\/users\/2"}],"replies":[{"embeddable":true,"href":"https:\/\/drgonzalezcantero.com\/en\/wp-json\/wp\/v2\/comments?post=55963"}],"version-history":[{"count":1,"href":"https:\/\/drgonzalezcantero.com\/en\/wp-json\/wp\/v2\/posts\/55963\/revisions"}],"predecessor-version":[{"id":55964,"href":"https:\/\/drgonzalezcantero.com\/en\/wp-json\/wp\/v2\/posts\/55963\/revisions\/55964"}],"wp:featuredmedia":[{"embeddable":true,"href":"https:\/\/drgonzalezcantero.com\/en\/wp-json\/wp\/v2\/media\/55962"}],"wp:attachment":[{"href":"https:\/\/drgonzalezcantero.com\/en\/wp-json\/wp\/v2\/media?parent=55963"}],"wp:term":[{"taxonomy":"category","embeddable":true,"href":"https:\/\/drgonzalezcantero.com\/en\/wp-json\/wp\/v2\/categories?post=55963"},{"taxonomy":"post_tag","embeddable":true,"href":"https:\/\/drgonzalezcantero.com\/en\/wp-json\/wp\/v2\/tags?post=55963"}],"curies":[{"name":"wp","href":"https:\/\/api.w.org\/{rel}","templated":true}]}}